{"id":2338,"date":"2023-06-23T18:10:21","date_gmt":"2023-06-23T16:10:21","guid":{"rendered":"http:\/\/efim-academie.com\/?p=2338"},"modified":"2023-06-28T12:57:09","modified_gmt":"2023-06-28T10:57:09","slug":"la-phase-complementaire-de-parcoursup-a-lecole-efim","status":"publish","type":"post","link":"https:\/\/efim-academie.com\/index.php\/2023\/06\/23\/la-phase-complementaire-de-parcoursup-a-lecole-efim\/","title":{"rendered":"La phase compl\u00e9mentaire de Parcoursup \u00e0 l&#8217;\u00e9cole EFIM"},"content":{"rendered":"\t\t<div data-elementor-type=\"wp-post\" data-elementor-id=\"2338\" class=\"elementor elementor-2338\">\n\t\t\t\t\t\t<section class=\"elementor-section elementor-top-section elementor-element elementor-element-294607db animated-slow elementor-hidden-desktop elementor-hidden-tablet elementor-section-boxed elementor-section-height-default elementor-section-height-default wpr-particle-no wpr-jarallax-no wpr-parallax-no wpr-sticky-section-no tp-parallax-no\" data-id=\"294607db\" data-element_type=\"section\" data-settings=\"{&quot;background_background&quot;:&quot;classic&quot;,&quot;animation&quot;:&quot;none&quot;,&quot;tp_sticky_sec_effect_enable&quot;:false}\">\n\t\t\t\t\t\t<div class=\"elementor-container elementor-column-gap-default\">\n\t\t\t\t\t<div data-aos=\"\" class=\"elementor-column elementor-col-100 elementor-top-column elementor-element elementor-element-2eb19304\" data-id=\"2eb19304\" data-element_type=\"column\" data-settings=\"{&quot;background_background&quot;:&quot;classic&quot;,&quot;tp_sticky_col_effect_enable&quot;:false}\">\n\t\t\t<div class=\"elementor-widget-wrap elementor-element-populated\">\n\t\t\t\t\t\t<div class=\"elementor-element elementor-element-7c606705 elementor-widget elementor-widget-heading\" data-id=\"7c606705\" data-element_type=\"widget\" data-settings=\"{&quot;ekit_we_effect_on&quot;:&quot;none&quot;}\" data-widget_type=\"heading.default\">\n\t\t\t\t<div class=\"elementor-widget-container\">\n\t\t\t\t\t<h1 class=\"elementor-heading-title elementor-size-default\">La phase compl\u00e9mentaire de Parcoursup \u00e0 l'\u00e9cole EFIM<\/h1>\t\t\t\t<\/div>\n\t\t\t\t<\/div>\n\t\t\t\t<div class=\"elementor-element elementor-element-1b6e2bcc elementor-widget elementor-widget-spacer\" data-id=\"1b6e2bcc\" data-element_type=\"widget\" data-settings=\"{&quot;ekit_we_effect_on&quot;:&quot;none&quot;}\" data-widget_type=\"spacer.default\">\n\t\t\t\t<div class=\"elementor-widget-container\">\n\t\t\t\t\t\t\t<div class=\"elementor-spacer\">\n\t\t\t<div class=\"elementor-spacer-inner\"><\/div>\n\t\t<\/div>\n\t\t\t\t\t\t<\/div>\n\t\t\t\t<\/div>\n\t\t\t\t<div class=\"elementor-element elementor-element-13214d92 elementor-widget__width-auto elementor-widget elementor-widget-elementskit-page-list\" data-id=\"13214d92\" data-element_type=\"widget\" data-settings=\"{&quot;ekit_we_effect_on&quot;:&quot;none&quot;}\" data-widget_type=\"elementskit-page-list.default\">\n\t\t\t\t<div class=\"elementor-widget-container\">\n\t\t\t\t\t<div class=\"ekit-wid-con\" >\t\t<div class=\"elementor-icon-list-items  elementor-inline-items\">\n\t\t\t\t\t\t\t<div class=\"elementor-icon-list-item   \">\n\t\t\t\t\t\t<a class=\"elementor-repeater-item-c4a0705 ekit_badge_left\" href=\"http:\/\/efim-academie.com\/\" target=\"_blank\" rel=\"nofollow\">\n\t\t\t\t\t\t\t<div class=\"ekit_page_list_content\">\n\t\t\t\t\t\t\t\t\t\t\t\t\t\t\t\t<span class=\"elementor-icon-list-text\">\n\t\t\t\t\t\t\t\t\t<span class=\"ekit_page_list_title_title\">EFIM<\/span>\n\t\t\t\t\t\t\t\t\t\t\t\t\t\t\t\t\t<\/span>\n\t\t\t\t\t\t\t<\/div>\n\t\t\t\t\t\t\t\t\t\t\t\t\t<\/a>\n\t\t\t\t\t<\/div>\n\t\t\t\t\t\t\t\t<div class=\"elementor-icon-list-item   \">\n\t\t\t\t\t\t<a class=\"elementor-repeater-item-7aea60e ekit_badge_left\" href=\"http:\/\/efim-academie.com\/index.php\/actualites\/\" target=\"_blank\" rel=\"nofollow\">\n\t\t\t\t\t\t\t<div class=\"ekit_page_list_content\">\n\t\t\t\t\t\t\t\t\t\t\t\t\t\t\t\t\t<span class=\"elementor-icon-list-icon\">\n\t\t\t\t\t\t\t\t\t\t<i aria-hidden=\"true\" class=\"fas fa-circle\"><\/i>\t\t\t\t\t\t\t\t\t<\/span>\n\t\t\t\t\t\t\t\t\t\t\t\t\t\t\t\t<span class=\"elementor-icon-list-text\">\n\t\t\t\t\t\t\t\t\t<span class=\"ekit_page_list_title_title\">Actualit\u00e9<\/span>\n\t\t\t\t\t\t\t\t\t\t\t\t\t\t\t\t\t<\/span>\n\t\t\t\t\t\t\t<\/div>\n\t\t\t\t\t\t\t\t\t\t\t\t\t<\/a>\n\t\t\t\t\t<\/div>\n\t\t\t\t\t\t\t\t<div class=\"elementor-icon-list-item   \">\n\t\t\t\t\t\t<a class=\"elementor-repeater-item-cb39e49 ekit_badge_left\" href=\"http:\/\/efim-academie.com\/index.php\/2023\/06\/23\/la-phase-complementaire-de-parcoursup-a-lecole-efim\/\" target=\"_blank\" rel=\"nofollow\">\n\t\t\t\t\t\t\t<div class=\"ekit_page_list_content\">\n\t\t\t\t\t\t\t\t\t\t\t\t\t\t\t\t\t<span class=\"elementor-icon-list-icon\">\n\t\t\t\t\t\t\t\t\t\t<i aria-hidden=\"true\" class=\"fas fa-circle\"><\/i>\t\t\t\t\t\t\t\t\t<\/span>\n\t\t\t\t\t\t\t\t\t\t\t\t\t\t\t\t<span class=\"elementor-icon-list-text\">\n\t\t\t\t\t\t\t\t\t<span class=\"ekit_page_list_title_title\">Article<\/span>\n\t\t\t\t\t\t\t\t\t\t\t\t\t\t\t\t\t<\/span>\n\t\t\t\t\t\t\t<\/div>\n\t\t\t\t\t\t\t\t\t\t\t\t\t<\/a>\n\t\t\t\t\t<\/div>\n\t\t\t\t\t\t<\/div>\n\t\t<\/div>\t\t\t\t<\/div>\n\t\t\t\t<\/div>\n\t\t\t\t\t<\/div>\n\t\t<\/div>\n\t\t\t\t\t<\/div>\n\t\t<\/section>\n\t\t\t\t<section class=\"elementor-section elementor-top-section elementor-element elementor-element-63cb7a0 animated-slow elementor-hidden-mobile elementor-section-boxed elementor-section-height-default elementor-section-height-default wpr-particle-no wpr-jarallax-no wpr-parallax-no wpr-sticky-section-no tp-parallax-no\" data-id=\"63cb7a0\" data-element_type=\"section\" data-settings=\"{&quot;background_background&quot;:&quot;classic&quot;,&quot;animation&quot;:&quot;none&quot;,&quot;tp_sticky_sec_effect_enable&quot;:false}\">\n\t\t\t\t\t\t<div class=\"elementor-container elementor-column-gap-default\">\n\t\t\t\t\t<div data-aos=\"\" class=\"elementor-column elementor-col-100 elementor-top-column elementor-element elementor-element-12f4fb0\" data-id=\"12f4fb0\" data-element_type=\"column\" data-settings=\"{&quot;background_background&quot;:&quot;classic&quot;,&quot;tp_sticky_col_effect_enable&quot;:false}\">\n\t\t\t<div class=\"elementor-widget-wrap elementor-element-populated\">\n\t\t\t\t\t\t<div class=\"elementor-element elementor-element-0a1ca91 elementor-widget elementor-widget-heading\" data-id=\"0a1ca91\" data-element_type=\"widget\" data-settings=\"{&quot;ekit_we_effect_on&quot;:&quot;none&quot;}\" data-widget_type=\"heading.default\">\n\t\t\t\t<div class=\"elementor-widget-container\">\n\t\t\t\t\t<h1 class=\"elementor-heading-title elementor-size-default\">La phase compl\u00e9mentaire de Parcoursup \u00e0 l'\u00e9cole EFIM<\/h1>\t\t\t\t<\/div>\n\t\t\t\t<\/div>\n\t\t\t\t<div class=\"elementor-element elementor-element-e43c0a6 elementor-widget elementor-widget-spacer\" data-id=\"e43c0a6\" data-element_type=\"widget\" data-settings=\"{&quot;ekit_we_effect_on&quot;:&quot;none&quot;}\" data-widget_type=\"spacer.default\">\n\t\t\t\t<div class=\"elementor-widget-container\">\n\t\t\t\t\t\t\t<div class=\"elementor-spacer\">\n\t\t\t<div class=\"elementor-spacer-inner\"><\/div>\n\t\t<\/div>\n\t\t\t\t\t\t<\/div>\n\t\t\t\t<\/div>\n\t\t\t\t<div class=\"elementor-element elementor-element-a3d2149 elementor-widget__width-auto elementor-widget elementor-widget-elementskit-page-list\" data-id=\"a3d2149\" data-element_type=\"widget\" data-settings=\"{&quot;ekit_we_effect_on&quot;:&quot;none&quot;}\" data-widget_type=\"elementskit-page-list.default\">\n\t\t\t\t<div class=\"elementor-widget-container\">\n\t\t\t\t\t<div class=\"ekit-wid-con\" >\t\t<div class=\"elementor-icon-list-items  elementor-inline-items\">\n\t\t\t\t\t\t\t<div class=\"elementor-icon-list-item   \">\n\t\t\t\t\t\t<a class=\"elementor-repeater-item-c4a0705 ekit_badge_left\" href=\"http:\/\/efim-academie.com\/\" target=\"_blank\" rel=\"nofollow\">\n\t\t\t\t\t\t\t<div class=\"ekit_page_list_content\">\n\t\t\t\t\t\t\t\t\t\t\t\t\t\t\t\t<span class=\"elementor-icon-list-text\">\n\t\t\t\t\t\t\t\t\t<span class=\"ekit_page_list_title_title\">EFIM<\/span>\n\t\t\t\t\t\t\t\t\t\t\t\t\t\t\t\t\t<\/span>\n\t\t\t\t\t\t\t<\/div>\n\t\t\t\t\t\t\t\t\t\t\t\t\t<\/a>\n\t\t\t\t\t<\/div>\n\t\t\t\t\t\t\t\t<div class=\"elementor-icon-list-item   \">\n\t\t\t\t\t\t<a class=\"elementor-repeater-item-7aea60e ekit_badge_left\" href=\"http:\/\/efim-academie.com\/index.php\/actualites\/\" target=\"_blank\" rel=\"nofollow\">\n\t\t\t\t\t\t\t<div class=\"ekit_page_list_content\">\n\t\t\t\t\t\t\t\t\t\t\t\t\t\t\t\t\t<span class=\"elementor-icon-list-icon\">\n\t\t\t\t\t\t\t\t\t\t<i aria-hidden=\"true\" class=\"fas fa-circle\"><\/i>\t\t\t\t\t\t\t\t\t<\/span>\n\t\t\t\t\t\t\t\t\t\t\t\t\t\t\t\t<span class=\"elementor-icon-list-text\">\n\t\t\t\t\t\t\t\t\t<span class=\"ekit_page_list_title_title\">Actualit\u00e9<\/span>\n\t\t\t\t\t\t\t\t\t\t\t\t\t\t\t\t\t<\/span>\n\t\t\t\t\t\t\t<\/div>\n\t\t\t\t\t\t\t\t\t\t\t\t\t<\/a>\n\t\t\t\t\t<\/div>\n\t\t\t\t\t\t\t\t<div class=\"elementor-icon-list-item   \">\n\t\t\t\t\t\t<a class=\"elementor-repeater-item-cb39e49 ekit_badge_left\" href=\"http:\/\/efim-academie.com\/index.php\/2023\/06\/23\/la-phase-complementaire-de-parcoursup-a-lecole-efim\/\" target=\"_blank\" rel=\"nofollow\">\n\t\t\t\t\t\t\t<div class=\"ekit_page_list_content\">\n\t\t\t\t\t\t\t\t\t\t\t\t\t\t\t\t\t<span class=\"elementor-icon-list-icon\">\n\t\t\t\t\t\t\t\t\t\t<i aria-hidden=\"true\" class=\"fas fa-circle\"><\/i>\t\t\t\t\t\t\t\t\t<\/span>\n\t\t\t\t\t\t\t\t\t\t\t\t\t\t\t\t<span class=\"elementor-icon-list-text\">\n\t\t\t\t\t\t\t\t\t<span class=\"ekit_page_list_title_title\">Article<\/span>\n\t\t\t\t\t\t\t\t\t\t\t\t\t\t\t\t\t<\/span>\n\t\t\t\t\t\t\t<\/div>\n\t\t\t\t\t\t\t\t\t\t\t\t\t<\/a>\n\t\t\t\t\t<\/div>\n\t\t\t\t\t\t<\/div>\n\t\t<\/div>\t\t\t\t<\/div>\n\t\t\t\t<\/div>\n\t\t\t\t\t<\/div>\n\t\t<\/div>\n\t\t\t\t\t<\/div>\n\t\t<\/section>\n\t\t\t\t<section class=\"elementor-section elementor-top-section elementor-element elementor-element-6c316070 elementor-section-boxed elementor-section-height-default elementor-section-height-default wpr-particle-no wpr-jarallax-no wpr-parallax-no wpr-sticky-section-no tp-parallax-no\" data-id=\"6c316070\" data-element_type=\"section\" data-settings=\"{&quot;tp_sticky_sec_effect_enable&quot;:false}\">\n\t\t\t\t\t\t<div class=\"elementor-container elementor-column-gap-default\">\n\t\t\t\t\t<div data-aos=\"\" class=\"elementor-column elementor-col-100 elementor-top-column elementor-element elementor-element-3f96ec6b\" data-id=\"3f96ec6b\" data-element_type=\"column\" data-settings=\"{&quot;tp_sticky_col_effect_enable&quot;:false}\">\n\t\t\t<div class=\"elementor-widget-wrap elementor-element-populated\">\n\t\t\t\t\t\t<div class=\"elementor-element elementor-element-652a709e elementor-widget elementor-widget-spacer\" data-id=\"652a709e\" data-element_type=\"widget\" data-settings=\"{&quot;ekit_we_effect_on&quot;:&quot;none&quot;}\" data-widget_type=\"spacer.default\">\n\t\t\t\t<div class=\"elementor-widget-container\">\n\t\t\t\t\t\t\t<div class=\"elementor-spacer\">\n\t\t\t<div class=\"elementor-spacer-inner\"><\/div>\n\t\t<\/div>\n\t\t\t\t\t\t<\/div>\n\t\t\t\t<\/div>\n\t\t\t\t<div class=\"elementor-element elementor-element-8e3afe3 elementor-widget elementor-widget-text-editor\" data-id=\"8e3afe3\" data-element_type=\"widget\" data-settings=\"{&quot;ekit_we_effect_on&quot;:&quot;none&quot;}\" data-widget_type=\"text-editor.default\">\n\t\t\t\t<div class=\"elementor-widget-container\">\n\t\t\t\t\t\t\t\t\t<p><em>La phase compl\u00e9mentaire de Parcoursup est une \u00e9tape cruciale pour les \u00e9tudiants qui souhaitent trouver une formation correspondant \u00e0 leurs aspirations et ambitions professionnelles. \u00c0 l&#8217;\u00e9cole EFIM (\u00c9cole Fran\u00e7aise de l&#8217;Int\u00e9gration au M\u00e9tier), cette phase offre une opportunit\u00e9 unique de rejoindre une formation d&#8217;excellence dans le secteur tertiaire. Dans cet article, nous vous pr\u00e9senterons les avantages et les sp\u00e9cificit\u00e9s de la phase compl\u00e9mentaire de Parcoursup chez l&#8217;EFIM, ainsi que les raisons pour lesquelles cette \u00e9cole renomm\u00e9e peut \u00eatre votre choix id\u00e9al.<\/em><\/p>\t\t\t\t\t\t\t\t<\/div>\n\t\t\t\t<\/div>\n\t\t\t\t<div class=\"elementor-element elementor-element-200ac09c elementor-widget elementor-widget-spacer\" data-id=\"200ac09c\" data-element_type=\"widget\" data-settings=\"{&quot;ekit_we_effect_on&quot;:&quot;none&quot;}\" data-widget_type=\"spacer.default\">\n\t\t\t\t<div class=\"elementor-widget-container\">\n\t\t\t\t\t\t\t<div class=\"elementor-spacer\">\n\t\t\t<div class=\"elementor-spacer-inner\"><\/div>\n\t\t<\/div>\n\t\t\t\t\t\t<\/div>\n\t\t\t\t<\/div>\n\t\t\t\t<div class=\"elementor-element elementor-element-52cc2575 elementor-widget elementor-widget-heading\" data-id=\"52cc2575\" data-element_type=\"widget\" data-settings=\"{&quot;ekit_we_effect_on&quot;:&quot;none&quot;}\" data-widget_type=\"heading.default\">\n\t\t\t\t<div class=\"elementor-widget-container\">\n\t\t\t\t\t<h2 class=\"elementor-heading-title elementor-size-default\">Une offre de formation compl\u00e8te et adapt\u00e9e <\/h2>\t\t\t\t<\/div>\n\t\t\t\t<\/div>\n\t\t\t\t<div class=\"elementor-element elementor-element-45007118 elementor-widget elementor-widget-text-editor\" data-id=\"45007118\" data-element_type=\"widget\" data-settings=\"{&quot;ekit_we_effect_on&quot;:&quot;none&quot;}\" data-widget_type=\"text-editor.default\">\n\t\t\t\t<div class=\"elementor-widget-container\">\n\t\t\t\t\t\t\t\t\t<p>L&#8217;EFIM propose une gamme diversifi\u00e9e de formations de qualit\u00e9 dans le secteur tertiaire. Pendant la phase compl\u00e9mentaire de Parcoursup, les \u00e9tudiants ont la possibilit\u00e9 de d\u00e9couvrir les programmes de l&#8217;EFIM qui sont encore disponibles. Que vous soyez int\u00e9ress\u00e9 par la comptabilit\u00e9, la gestion de la paie, l&#8217;assistance de direction, les ressources humaines ou l&#8217;administration du personnel, vous trouverez des options qui correspondent \u00e0 vos aspirations professionnelles. Les formations sont con\u00e7ues pour fournir aux \u00e9tudiants les comp\u00e9tences essentielles et les connaissances n\u00e9cessaires pour r\u00e9ussir dans leur futur m\u00e9tier. L&#8217;EFIM accorde une attention particuli\u00e8re \u00e0 l&#8217;actualisation de ses programmes afin de les aligner sur les besoins du march\u00e9 du travail.<\/p>\t\t\t\t\t\t\t\t<\/div>\n\t\t\t\t<\/div>\n\t\t\t\t\t<\/div>\n\t\t<\/div>\n\t\t\t\t\t<\/div>\n\t\t<\/section>\n\t\t\t\t<section class=\"elementor-section elementor-top-section elementor-element elementor-element-647dec9a elementor-section-boxed elementor-section-height-default elementor-section-height-default wpr-particle-no wpr-jarallax-no wpr-parallax-no wpr-sticky-section-no tp-parallax-no\" data-id=\"647dec9a\" data-element_type=\"section\" data-settings=\"{&quot;tp_sticky_sec_effect_enable&quot;:false}\">\n\t\t\t\t\t\t<div class=\"elementor-container elementor-column-gap-default\">\n\t\t\t\t\t<div data-aos=\"\" class=\"elementor-column elementor-col-100 elementor-top-column elementor-element elementor-element-25694708\" data-id=\"25694708\" data-element_type=\"column\" data-settings=\"{&quot;tp_sticky_col_effect_enable&quot;:false}\">\n\t\t\t<div class=\"elementor-widget-wrap elementor-element-populated\">\n\t\t\t\t\t\t<div class=\"elementor-element elementor-element-291b4816 elementor-widget elementor-widget-heading\" data-id=\"291b4816\" data-element_type=\"widget\" data-settings=\"{&quot;ekit_we_effect_on&quot;:&quot;none&quot;}\" data-widget_type=\"heading.default\">\n\t\t\t\t<div class=\"elementor-widget-container\">\n\t\t\t\t\t<h2 class=\"elementor-heading-title elementor-size-default\">Un accompagnement personnalis\u00e9 <\/h2>\t\t\t\t<\/div>\n\t\t\t\t<\/div>\n\t\t\t\t<div class=\"elementor-element elementor-element-5fddc0c9 elementor-widget elementor-widget-text-editor\" data-id=\"5fddc0c9\" data-element_type=\"widget\" data-settings=\"{&quot;ekit_we_effect_on&quot;:&quot;none&quot;}\" data-widget_type=\"text-editor.default\">\n\t\t\t\t<div class=\"elementor-widget-container\">\n\t\t\t\t\t\t\t\t\t<p style=\"text-align: center;\">\u00c0 l&#8217;EFIM, nous accordons une grande importance \u00e0 l&#8217;accompagnement personnalis\u00e9 de nos \u00e9tudiants. Pendant la phase compl\u00e9mentaire de Parcoursup, notre \u00e9quipe p\u00e9dagogique exp\u00e9riment\u00e9e est disponible pour r\u00e9pondre \u00e0 vos questions, vous guider dans votre choix de formation et vous fournir les informations n\u00e9cessaires pour prendre une d\u00e9cision \u00e9clair\u00e9e. Nous comprenons que cette \u00e9tape peut \u00eatre stressante, c&#8217;est pourquoi nous nous engageons \u00e0 vous soutenir tout au long du processus. Nous sommes l\u00e0 pour vous aider \u00e0 identifier les formations qui correspondent le mieux \u00e0 vos int\u00e9r\u00eats, \u00e0 vous fournir des informations sur les d\u00e9bouch\u00e9s professionnels et \u00e0 vous guider dans vos d\u00e9marches administratives.<\/p>\t\t\t\t\t\t\t\t<\/div>\n\t\t\t\t<\/div>\n\t\t\t\t<div class=\"elementor-element elementor-element-1a25fd9c elementor-widget elementor-widget-heading\" data-id=\"1a25fd9c\" data-element_type=\"widget\" data-settings=\"{&quot;ekit_we_effect_on&quot;:&quot;none&quot;}\" data-widget_type=\"heading.default\">\n\t\t\t\t<div class=\"elementor-widget-container\">\n\t\t\t\t\t<h2 class=\"elementor-heading-title elementor-size-default\">Des formations en ad\u00e9quation avec le march\u00e9 du travail <\/h2>\t\t\t\t<\/div>\n\t\t\t\t<\/div>\n\t\t\t\t<div class=\"elementor-element elementor-element-c176ab9 elementor-widget elementor-widget-text-editor\" data-id=\"c176ab9\" data-element_type=\"widget\" data-settings=\"{&quot;ekit_we_effect_on&quot;:&quot;none&quot;}\" data-widget_type=\"text-editor.default\">\n\t\t\t\t<div class=\"elementor-widget-container\">\n\t\t\t\t\t\t\t\t\t<p>Les formations propos\u00e9es par l&#8217;EFIM sont con\u00e7ues pour r\u00e9pondre aux exigences et aux besoins du march\u00e9 du travail. Nous sommes constamment \u00e0 l&#8217;\u00e9coute des \u00e9volutions du secteur tertiaire et nous mettons \u00e0 jour nos programmes en cons\u00e9quence. En choisissant une formation \u00e0 l&#8217;EFIM pendant la phase compl\u00e9mentaire de Parcoursup, vous vous assurez une formation pertinente et en phase avec les r\u00e9alit\u00e9s du monde professionnel. Vous b\u00e9n\u00e9ficierez d&#8217;un enseignement de qualit\u00e9 dispens\u00e9 par des professionnels exp\u00e9riment\u00e9s qui vous transmettront les comp\u00e9tences et les connaissances n\u00e9cessaires pour r\u00e9ussir dans votre futur m\u00e9tier.<\/p>\t\t\t\t\t\t\t\t<\/div>\n\t\t\t\t<\/div>\n\t\t\t\t<div class=\"elementor-element elementor-element-91b41d8 elementor-widget elementor-widget-heading\" data-id=\"91b41d8\" data-element_type=\"widget\" data-settings=\"{&quot;ekit_we_effect_on&quot;:&quot;none&quot;}\" data-widget_type=\"heading.default\">\n\t\t\t\t<div class=\"elementor-widget-container\">\n\t\t\t\t\t<h2 class=\"elementor-heading-title elementor-size-default\">Des perspectives professionnelles prometteuses <\/h2>\t\t\t\t<\/div>\n\t\t\t\t<\/div>\n\t\t\t\t<div class=\"elementor-element elementor-element-388640f6 elementor-widget elementor-widget-text-editor\" data-id=\"388640f6\" data-element_type=\"widget\" data-settings=\"{&quot;ekit_we_effect_on&quot;:&quot;none&quot;}\" data-widget_type=\"text-editor.default\">\n\t\t\t\t<div class=\"elementor-widget-container\">\n\t\t\t\t\t\t\t\t\t<p>L&#8217;EFIM a b\u00e2ti une solide r\u00e9putation aupr\u00e8s des employeurs du secteur tertiaire. Les dipl\u00f4m\u00e9s de l&#8217;\u00e9cole sont reconnus pour leur expertise et leur capacit\u00e9 \u00e0 s&#8217;adapter rapidement aux exigences du march\u00e9 du travail. En rejoignant l&#8217;EFIM pendant la phase compl\u00e9mentaire de Parcoursup, vous vous offrez la possibilit\u00e9 de b\u00e9n\u00e9ficier de ces perspectives professionnelles prometteuses et d&#8217;acc\u00e9der \u00e0 des carri\u00e8res enrichissantes. Nos formations sont con\u00e7ues pour r\u00e9pondre aux besoins actuels du march\u00e9 du travail et pour former des professionnels comp\u00e9tents et polyvalents. Vous serez pr\u00eat \u00e0 relever les d\u00e9fis de votre domaine professionnel et \u00e0 saisir les opportunit\u00e9s qui se pr\u00e9sentent \u00e0 vous.<\/p>\t\t\t\t\t\t\t\t<\/div>\n\t\t\t\t<\/div>\n\t\t\t\t<div class=\"elementor-element elementor-element-7928ddac elementor-widget elementor-widget-spacer\" data-id=\"7928ddac\" data-element_type=\"widget\" data-settings=\"{&quot;ekit_we_effect_on&quot;:&quot;none&quot;}\" data-widget_type=\"spacer.default\">\n\t\t\t\t<div class=\"elementor-widget-container\">\n\t\t\t\t\t\t\t<div class=\"elementor-spacer\">\n\t\t\t<div class=\"elementor-spacer-inner\"><\/div>\n\t\t<\/div>\n\t\t\t\t\t\t<\/div>\n\t\t\t\t<\/div>\n\t\t\t\t<div class=\"elementor-element elementor-element-3b23541 elementor-widget elementor-widget-text-editor\" data-id=\"3b23541\" data-element_type=\"widget\" data-settings=\"{&quot;ekit_we_effect_on&quot;:&quot;none&quot;}\" data-widget_type=\"text-editor.default\">\n\t\t\t\t<div class=\"elementor-widget-container\">\n\t\t\t\t\t\t\t\t\t<div class=\"group w-full text-gray-800 dark:text-gray-100 border-b border-black\/10 dark:border-gray-900\/50 bg-gray-50 dark:bg-[#444654]\">\n<div class=\"flex p-4 gap-4 text-base md:gap-6 md:max-w-2xl lg:max-w-[38rem] xl:max-w-3xl md:py-6 lg:px-0 m-auto\">\n<div class=\"relative flex w-[calc(100%-50px)] flex-col gap-1 md:gap-3 lg:w-[calc(100%-115px)]\">\n<div class=\"flex flex-grow flex-col gap-3\">\n<div class=\"flex items-start overflow-x-auto whitespace-pre-wrap break-words flex-col gap-4\">\n<div class=\"markdown prose w-full break-words dark:prose-invert light\">\n<p>La phase compl\u00e9mentaire de Parcoursup chez l&#8217;\u00e9cole EFIM repr\u00e9sente une occasion en or de rejoindre une formation d&#8217;excellence dans le secteur tertiaire. Gr\u00e2ce \u00e0 une offre de formations compl\u00e8te, un accompagnement personnalis\u00e9, des programmes en ad\u00e9quation avec le march\u00e9 du travail et des perspectives professionnelles prometteuses, l&#8217;EFIM est le choix id\u00e9al pour les \u00e9tudiants d\u00e9sireux de r\u00e9ussir dans leur future carri\u00e8re. Ne manquez pas cette opportunit\u00e9, saisissez-la d\u00e8s maintenant et ouvrez les portes d&#8217;un avenir professionnel \u00e9panouissant ! Notre \u00e9quipe est l\u00e0 pour vous accompagner et vous aider \u00e0 r\u00e9aliser vos aspirations professionnelles dans le secteur tertiaire.<\/p>\n<\/div>\n<\/div>\n<\/div>\n<\/div>\n<\/div>\n<\/div>\n<p><!-- \/wp:paragraph --><\/p>\n<p><!-- wp:social-links --><\/p>\n<ul class=\"wp-block-social-links\">\n<li style=\"list-style-type: none;\">\n<ul class=\"wp-block-social-links\"><!-- wp:social-link {\"url\":\"https:\/\/www.facebook.com\/efimacademie\",\"service\":\"facebook\"} \/--><\/ul>\n<\/li>\n<\/ul>\t\t\t\t\t\t\t\t<\/div>\n\t\t\t\t<\/div>\n\t\t\t\t<div class=\"elementor-element elementor-element-238741c0 elementor-widget elementor-widget-spacer\" data-id=\"238741c0\" data-element_type=\"widget\" data-settings=\"{&quot;ekit_we_effect_on&quot;:&quot;none&quot;}\" data-widget_type=\"spacer.default\">\n\t\t\t\t<div class=\"elementor-widget-container\">\n\t\t\t\t\t\t\t<div class=\"elementor-spacer\">\n\t\t\t<div class=\"elementor-spacer-inner\"><\/div>\n\t\t<\/div>\n\t\t\t\t\t\t<\/div>\n\t\t\t\t<\/div>\n\t\t\t\t\t<\/div>\n\t\t<\/div>\n\t\t\t\t\t<\/div>\n\t\t<\/section>\n\t\t\t\t<section class=\"elementor-section elementor-top-section elementor-element elementor-element-e257e46 elementor-section-boxed elementor-section-height-default elementor-section-height-default wpr-particle-no wpr-jarallax-no wpr-parallax-no wpr-sticky-section-no tp-parallax-no\" data-id=\"e257e46\" data-element_type=\"section\" data-settings=\"{&quot;tp_sticky_sec_effect_enable&quot;:false}\">\n\t\t\t\t\t\t<div class=\"elementor-container elementor-column-gap-default\">\n\t\t\t\t\t<div data-aos=\"\" class=\"elementor-column elementor-col-100 elementor-top-column elementor-element elementor-element-4b4a8b5\" data-id=\"4b4a8b5\" data-element_type=\"column\" data-settings=\"{&quot;tp_sticky_col_effect_enable&quot;:false}\">\n\t\t\t<div class=\"elementor-widget-wrap elementor-element-populated\">\n\t\t\t\t\t\t<div class=\"elementor-element elementor-element-5071139 elementor-widget elementor-widget-elementskit-social-media\" data-id=\"5071139\" data-element_type=\"widget\" data-settings=\"{&quot;ekit_we_effect_on&quot;:&quot;none&quot;}\" data-widget_type=\"elementskit-social-media.default\">\n\t\t\t\t<div class=\"elementor-widget-container\">\n\t\t\t\t\t<div class=\"ekit-wid-con\" >\t\t\t <ul class=\"ekit_social_media\">\n\t\t\t\t\t\t\t\t\t\t\t\t\t\t<li class=\"elementor-repeater-item-da8f4de\">\n\t\t\t\t\t    <a\n\t\t\t\t\t\thref=\"\" aria-label=\"Facebook\" class=\"facebook\" >\n\t\t\t\t\t\t\t\t\t\t\t\t\t\t\n\t\t\t\t\t\t\t<i aria-hidden=\"true\" class=\"icon icon-facebook\"><\/i>\t\t\t\t\t\t\t\t\t\n                                                                                                            <\/a>\n                    <\/li>\n                    \t\t\t\t\t\t\t\t\t\t\t\t\t\t<li class=\"elementor-repeater-item-aca8ce8\">\n\t\t\t\t\t    <a\n\t\t\t\t\t\thref=\"https:\/\/www.linkedin.com\/company\/forma-smart\/\" aria-label=\"Linkedin\" class=\"linkedin\" >\n\t\t\t\t\t\t\t\t\t\t\t\t\t\t\n\t\t\t\t\t\t\t<i aria-hidden=\"true\" class=\"icon icon-linkedin\"><\/i>\t\t\t\t\t\t\t\t\t\n                                                                                                            <\/a>\n                    <\/li>\n                    \t\t\t\t\t\t\t\t\t\t\t\t\t\t<li class=\"elementor-repeater-item-74f61ce\">\n\t\t\t\t\t    <a\n\t\t\t\t\t\thref=\"https:\/\/www.tiktok.com\/@efimacademie?_t=8dDNjhsOqDb&#038;_r=1\" aria-label=\"Tik tok\" class=\"tiktok\" >\n\t\t\t\t\t\t\t\t\t\t\t\t\t\t\n\t\t\t\t\t\t\t<i aria-hidden=\"true\" class=\"fab fa-tiktok\"><\/i>\t\t\t\t\t\t\t\t\t\n                                                                                                            <\/a>\n                    <\/li>\n                    \t\t\t\t\t\t\t\t\t\t\t\t\t\t<li class=\"elementor-repeater-item-0988eda\">\n\t\t\t\t\t    <a\n\t\t\t\t\t\thref=\"https:\/\/instagram.com\/efim.academie?igshid=NTc4MTIwNjQ2YQ==\" aria-label=\"Instagram\" class=\"instagram\" >\n\t\t\t\t\t\t\t\t\t\t\t\t\t\t\n\t\t\t\t\t\t\t<i aria-hidden=\"true\" class=\"fab fa-instagram\"><\/i>\t\t\t\t\t\t\t\t\t\n                                                                                                            <\/a>\n                    <\/li>\n                    \t\t\t\t\t\t\t<\/ul>\n\t\t<\/div>\t\t\t\t<\/div>\n\t\t\t\t<\/div>\n\t\t\t\t\t<\/div>\n\t\t<\/div>\n\t\t\t\t\t<\/div>\n\t\t<\/section>\n\t\t\t\t<\/div>\n\t\t","protected":false},"excerpt":{"rendered":"<p>La phase compl\u00e9mentaire de Parcoursup \u00e0 l&#8217;\u00e9cole EFIM EFIM Actualit\u00e9 Article La phase compl\u00e9mentaire de Parcoursup \u00e0 l&#8217;\u00e9cole EFIM EFIM Actualit\u00e9 Article La phase compl\u00e9mentaire de Parcoursup est une \u00e9tape cruciale pour les \u00e9tudiants qui souhaitent trouver une formation correspondant \u00e0 leurs aspirations et ambitions professionnelles. \u00c0 l&#8217;\u00e9cole EFIM (\u00c9cole Fran\u00e7aise de l&#8217;Int\u00e9gration au M\u00e9tier), cette phase offre une opportunit\u00e9 unique de rejoindre une formation d&#8217;excellence dans le secteur tertiaire. Dans cet article, nous vous pr\u00e9senterons les avantages et les sp\u00e9cificit\u00e9s de la phase compl\u00e9mentaire de Parcoursup chez l&#8217;EFIM, ainsi que les raisons pour lesquelles cette \u00e9cole renomm\u00e9e peut \u00eatre votre choix id\u00e9al. Une offre de formation compl\u00e8te et adapt\u00e9e L&#8217;EFIM propose une gamme diversifi\u00e9e de formations de qualit\u00e9 dans le secteur tertiaire. Pendant la phase compl\u00e9mentaire de Parcoursup, les \u00e9tudiants ont la possibilit\u00e9 de d\u00e9couvrir les programmes de l&#8217;EFIM qui sont encore disponibles. Que vous soyez int\u00e9ress\u00e9 par la comptabilit\u00e9, la gestion de la paie, l&#8217;assistance de direction, les ressources humaines ou l&#8217;administration du personnel, vous trouverez des options qui correspondent \u00e0 vos aspirations professionnelles. Les formations sont con\u00e7ues pour fournir aux \u00e9tudiants les comp\u00e9tences essentielles et les connaissances n\u00e9cessaires pour r\u00e9ussir dans leur futur m\u00e9tier. L&#8217;EFIM accorde une attention particuli\u00e8re \u00e0 l&#8217;actualisation de ses programmes afin de les aligner sur les besoins du march\u00e9 du travail. Un accompagnement personnalis\u00e9 \u00c0 l&#8217;EFIM, nous accordons une grande importance \u00e0 l&#8217;accompagnement personnalis\u00e9 de nos \u00e9tudiants. Pendant la phase compl\u00e9mentaire de Parcoursup, notre \u00e9quipe p\u00e9dagogique exp\u00e9riment\u00e9e est disponible pour r\u00e9pondre \u00e0 vos questions, vous guider dans votre choix de formation et vous fournir les informations n\u00e9cessaires pour prendre une d\u00e9cision \u00e9clair\u00e9e. Nous comprenons que cette \u00e9tape peut \u00eatre stressante, c&#8217;est pourquoi nous nous engageons \u00e0 vous soutenir tout au long du processus. Nous sommes l\u00e0 pour vous aider \u00e0 identifier les formations qui correspondent le mieux \u00e0 vos int\u00e9r\u00eats, \u00e0 vous fournir des informations sur les d\u00e9bouch\u00e9s professionnels et \u00e0 vous guider dans vos d\u00e9marches administratives. Des formations en ad\u00e9quation avec le march\u00e9 du travail Les formations propos\u00e9es par l&#8217;EFIM sont con\u00e7ues pour r\u00e9pondre aux exigences et aux besoins du march\u00e9 du travail. Nous sommes constamment \u00e0 l&#8217;\u00e9coute des \u00e9volutions du secteur tertiaire et nous mettons \u00e0 jour nos programmes en cons\u00e9quence. En choisissant une formation \u00e0 l&#8217;EFIM pendant la phase compl\u00e9mentaire de Parcoursup, vous vous assurez une formation pertinente et en phase avec les r\u00e9alit\u00e9s du monde professionnel. Vous b\u00e9n\u00e9ficierez d&#8217;un enseignement de qualit\u00e9 dispens\u00e9 par des professionnels exp\u00e9riment\u00e9s qui vous transmettront les comp\u00e9tences et les connaissances n\u00e9cessaires pour r\u00e9ussir dans votre futur m\u00e9tier. Des perspectives professionnelles prometteuses L&#8217;EFIM a b\u00e2ti une solide r\u00e9putation aupr\u00e8s des employeurs du secteur tertiaire. Les dipl\u00f4m\u00e9s de l&#8217;\u00e9cole sont reconnus pour leur expertise et leur capacit\u00e9 \u00e0 s&#8217;adapter rapidement aux exigences du march\u00e9 du travail. En rejoignant l&#8217;EFIM pendant la phase compl\u00e9mentaire de Parcoursup, vous vous offrez la possibilit\u00e9 de b\u00e9n\u00e9ficier de ces perspectives professionnelles prometteuses et d&#8217;acc\u00e9der \u00e0 des carri\u00e8res enrichissantes. Nos formations sont con\u00e7ues pour r\u00e9pondre aux besoins actuels du march\u00e9 du travail et pour former des professionnels comp\u00e9tents et polyvalents. Vous serez pr\u00eat \u00e0 relever les d\u00e9fis de votre domaine professionnel et \u00e0 saisir les opportunit\u00e9s qui se pr\u00e9sentent \u00e0 vous. La phase compl\u00e9mentaire de Parcoursup chez l&#8217;\u00e9cole EFIM repr\u00e9sente une occasion en or de rejoindre une formation d&#8217;excellence dans le secteur tertiaire. Gr\u00e2ce \u00e0 une offre de formations compl\u00e8te, un accompagnement personnalis\u00e9, des programmes en ad\u00e9quation avec le march\u00e9 du travail et des perspectives professionnelles prometteuses, l&#8217;EFIM est le choix id\u00e9al pour les \u00e9tudiants d\u00e9sireux de r\u00e9ussir dans leur future carri\u00e8re. Ne manquez pas cette opportunit\u00e9, saisissez-la d\u00e8s maintenant et ouvrez les portes d&#8217;un avenir professionnel \u00e9panouissant ! Notre \u00e9quipe est l\u00e0 pour vous accompagner et vous aider \u00e0 r\u00e9aliser vos aspirations professionnelles dans le secteur tertiaire.<\/p>\n","protected":false},"author":1,"featured_media":2443,"comment_status":"open","ping_status":"open","sticky":false,"template":"","format":"standard","meta":{"om_disable_all_campaigns":false,"_uf_show_specific_survey":0,"_uf_disable_surveys":false,"footnotes":""},"categories":[1],"tags":[],"class_list":["post-2338","post","type-post","status-publish","format-standard","has-post-thumbnail","hentry","category-non-classe"],"yoast_head":"<!-- This site is optimized with the Yoast SEO plugin v24.4 - https:\/\/yoast.com\/wordpress\/plugins\/seo\/ -->\n<title>La phase compl\u00e9mentaire de Parcoursup \u00e0 l&#039;\u00e9cole EFIM - EFIM<\/title>\n<meta name=\"description\" content=\"La phase compl\u00e9mentaire de Parcoursup est une \u00e9tape cruciale pour les \u00e9tudiants qui souhaitent trouver une formation\" \/>\n<meta name=\"robots\" content=\"index, follow, max-snippet:-1, max-image-preview:large, max-video-preview:-1\" \/>\n<link rel=\"canonical\" href=\"https:\/\/efim-academie.com\/index.php\/2023\/06\/23\/la-phase-complementaire-de-parcoursup-a-lecole-efim\/\" \/>\n<meta property=\"og:locale\" content=\"en_US\" \/>\n<meta property=\"og:type\" content=\"article\" \/>\n<meta property=\"og:title\" content=\"La phase compl\u00e9mentaire de Parcoursup \u00e0 l&#039;\u00e9cole EFIM - EFIM\" \/>\n<meta property=\"og:description\" content=\"La phase compl\u00e9mentaire de Parcoursup est une \u00e9tape cruciale pour les \u00e9tudiants qui souhaitent trouver une formation\" \/>\n<meta property=\"og:url\" content=\"https:\/\/efim-academie.com\/index.php\/2023\/06\/23\/la-phase-complementaire-de-parcoursup-a-lecole-efim\/\" \/>\n<meta property=\"og:site_name\" content=\"EFIM\" \/>\n<meta property=\"article:published_time\" content=\"2023-06-23T16:10:21+00:00\" \/>\n<meta property=\"article:modified_time\" content=\"2023-06-28T10:57:09+00:00\" \/>\n<meta property=\"og:image\" content=\"https:\/\/efim-academie.com\/wp-content\/uploads\/2023\/06\/La-phase-complementaire-de-Parcoursup-est-une-etape-cruciale-pour-les-etudiants-qui-souhaitent-trouver-une-formation-5-1.png\" \/>\n\t<meta property=\"og:image:width\" content=\"1200\" \/>\n\t<meta property=\"og:image:height\" content=\"675\" \/>\n\t<meta property=\"og:image:type\" content=\"image\/png\" \/>\n<meta name=\"author\" content=\"admin7586\" \/>\n<meta name=\"twitter:card\" content=\"summary_large_image\" \/>\n<meta name=\"twitter:label1\" content=\"Written by\" \/>\n\t<meta name=\"twitter:data1\" content=\"admin7586\" \/>\n\t<meta name=\"twitter:label2\" content=\"Est. reading time\" \/>\n\t<meta name=\"twitter:data2\" content=\"4 minutes\" \/>\n<script type=\"application\/ld+json\" class=\"yoast-schema-graph\">{\"@context\":\"https:\/\/schema.org\",\"@graph\":[{\"@type\":\"Article\",\"@id\":\"https:\/\/efim-academie.com\/index.php\/2023\/06\/23\/la-phase-complementaire-de-parcoursup-a-lecole-efim\/#article\",\"isPartOf\":{\"@id\":\"https:\/\/efim-academie.com\/index.php\/2023\/06\/23\/la-phase-complementaire-de-parcoursup-a-lecole-efim\/\"},\"author\":{\"name\":\"admin7586\",\"@id\":\"https:\/\/efim-academie.com\/#\/schema\/person\/5ca80faeee0ddbaf3b450a8edca10845\"},\"headline\":\"La phase compl\u00e9mentaire de Parcoursup \u00e0 l&#8217;\u00e9cole EFIM\",\"datePublished\":\"2023-06-23T16:10:21+00:00\",\"dateModified\":\"2023-06-28T10:57:09+00:00\",\"mainEntityOfPage\":{\"@id\":\"https:\/\/efim-academie.com\/index.php\/2023\/06\/23\/la-phase-complementaire-de-parcoursup-a-lecole-efim\/\"},\"wordCount\":697,\"commentCount\":0,\"publisher\":{\"@id\":\"https:\/\/efim-academie.com\/#organization\"},\"image\":{\"@id\":\"https:\/\/efim-academie.com\/index.php\/2023\/06\/23\/la-phase-complementaire-de-parcoursup-a-lecole-efim\/#primaryimage\"},\"thumbnailUrl\":\"https:\/\/efim-academie.com\/wp-content\/uploads\/2023\/06\/La-phase-complementaire-de-Parcoursup-est-une-etape-cruciale-pour-les-etudiants-qui-souhaitent-trouver-une-formation-5-1.png\",\"articleSection\":[\"Non class\u00e9\"],\"inLanguage\":\"en-US\",\"potentialAction\":[{\"@type\":\"CommentAction\",\"name\":\"Comment\",\"target\":[\"https:\/\/efim-academie.com\/index.php\/2023\/06\/23\/la-phase-complementaire-de-parcoursup-a-lecole-efim\/#respond\"]}]},{\"@type\":\"WebPage\",\"@id\":\"https:\/\/efim-academie.com\/index.php\/2023\/06\/23\/la-phase-complementaire-de-parcoursup-a-lecole-efim\/\",\"url\":\"https:\/\/efim-academie.com\/index.php\/2023\/06\/23\/la-phase-complementaire-de-parcoursup-a-lecole-efim\/\",\"name\":\"La phase compl\u00e9mentaire de Parcoursup \u00e0 l'\u00e9cole EFIM - EFIM\",\"isPartOf\":{\"@id\":\"https:\/\/efim-academie.com\/#website\"},\"primaryImageOfPage\":{\"@id\":\"https:\/\/efim-academie.com\/index.php\/2023\/06\/23\/la-phase-complementaire-de-parcoursup-a-lecole-efim\/#primaryimage\"},\"image\":{\"@id\":\"https:\/\/efim-academie.com\/index.php\/2023\/06\/23\/la-phase-complementaire-de-parcoursup-a-lecole-efim\/#primaryimage\"},\"thumbnailUrl\":\"https:\/\/efim-academie.com\/wp-content\/uploads\/2023\/06\/La-phase-complementaire-de-Parcoursup-est-une-etape-cruciale-pour-les-etudiants-qui-souhaitent-trouver-une-formation-5-1.png\",\"datePublished\":\"2023-06-23T16:10:21+00:00\",\"dateModified\":\"2023-06-28T10:57:09+00:00\",\"description\":\"La phase compl\u00e9mentaire de Parcoursup est une \u00e9tape cruciale pour les \u00e9tudiants qui souhaitent trouver une formation\",\"breadcrumb\":{\"@id\":\"https:\/\/efim-academie.com\/index.php\/2023\/06\/23\/la-phase-complementaire-de-parcoursup-a-lecole-efim\/#breadcrumb\"},\"inLanguage\":\"en-US\",\"potentialAction\":[{\"@type\":\"ReadAction\",\"target\":[\"https:\/\/efim-academie.com\/index.php\/2023\/06\/23\/la-phase-complementaire-de-parcoursup-a-lecole-efim\/\"]}]},{\"@type\":\"ImageObject\",\"inLanguage\":\"en-US\",\"@id\":\"https:\/\/efim-academie.com\/index.php\/2023\/06\/23\/la-phase-complementaire-de-parcoursup-a-lecole-efim\/#primaryimage\",\"url\":\"https:\/\/efim-academie.com\/wp-content\/uploads\/2023\/06\/La-phase-complementaire-de-Parcoursup-est-une-etape-cruciale-pour-les-etudiants-qui-souhaitent-trouver-une-formation-5-1.png\",\"contentUrl\":\"https:\/\/efim-academie.com\/wp-content\/uploads\/2023\/06\/La-phase-complementaire-de-Parcoursup-est-une-etape-cruciale-pour-les-etudiants-qui-souhaitent-trouver-une-formation-5-1.png\",\"width\":1200,\"height\":675,\"caption\":\"La-phase-complementaire-de-Parcoursup\"},{\"@type\":\"BreadcrumbList\",\"@id\":\"https:\/\/efim-academie.com\/index.php\/2023\/06\/23\/la-phase-complementaire-de-parcoursup-a-lecole-efim\/#breadcrumb\",\"itemListElement\":[{\"@type\":\"ListItem\",\"position\":1,\"name\":\"Accueil\",\"item\":\"https:\/\/efim-academie.com\/\"},{\"@type\":\"ListItem\",\"position\":2,\"name\":\"La phase compl\u00e9mentaire de Parcoursup \u00e0 l&#8217;\u00e9cole EFIM\"}]},{\"@type\":\"WebSite\",\"@id\":\"https:\/\/efim-academie.com\/#website\",\"url\":\"https:\/\/efim-academie.com\/\",\"name\":\"efim-academie.com\",\"description\":\"\",\"publisher\":{\"@id\":\"https:\/\/efim-academie.com\/#organization\"},\"potentialAction\":[{\"@type\":\"SearchAction\",\"target\":{\"@type\":\"EntryPoint\",\"urlTemplate\":\"https:\/\/efim-academie.com\/?s={search_term_string}\"},\"query-input\":{\"@type\":\"PropertyValueSpecification\",\"valueRequired\":true,\"valueName\":\"search_term_string\"}}],\"inLanguage\":\"en-US\"},{\"@type\":\"Organization\",\"@id\":\"https:\/\/efim-academie.com\/#organization\",\"name\":\"Efim\",\"url\":\"https:\/\/efim-academie.com\/\",\"logo\":{\"@type\":\"ImageObject\",\"inLanguage\":\"en-US\",\"@id\":\"https:\/\/efim-academie.com\/#\/schema\/logo\/image\/\",\"url\":\"http:\/\/efim-academie.com\/wp-content\/uploads\/2023\/05\/efim-transparant.png\",\"contentUrl\":\"http:\/\/efim-academie.com\/wp-content\/uploads\/2023\/05\/efim-transparant.png\",\"width\":1563,\"height\":1563,\"caption\":\"Efim\"},\"image\":{\"@id\":\"https:\/\/efim-academie.com\/#\/schema\/logo\/image\/\"}},{\"@type\":\"Person\",\"@id\":\"https:\/\/efim-academie.com\/#\/schema\/person\/5ca80faeee0ddbaf3b450a8edca10845\",\"name\":\"admin7586\",\"image\":{\"@type\":\"ImageObject\",\"inLanguage\":\"en-US\",\"@id\":\"https:\/\/efim-academie.com\/#\/schema\/person\/image\/\",\"url\":\"https:\/\/secure.gravatar.com\/avatar\/f7e9a68b2af665c3c68c381155c2cee903fa415ad188ac06d628728d00d562a0?s=96&d=mm&r=g\",\"contentUrl\":\"https:\/\/secure.gravatar.com\/avatar\/f7e9a68b2af665c3c68c381155c2cee903fa415ad188ac06d628728d00d562a0?s=96&d=mm&r=g\",\"caption\":\"admin7586\"},\"sameAs\":[\"http:\/\/efim-academie.com\"],\"url\":\"https:\/\/efim-academie.com\/index.php\/author\/admin7586\/\"}]}<\/script>\n<!-- \/ Yoast SEO plugin. -->","yoast_head_json":{"title":"La phase compl\u00e9mentaire de Parcoursup \u00e0 l'\u00e9cole EFIM - EFIM","description":"La phase compl\u00e9mentaire de Parcoursup est une \u00e9tape cruciale pour les \u00e9tudiants qui souhaitent trouver une formation","robots":{"index":"index","follow":"follow","max-snippet":"max-snippet:-1","max-image-preview":"max-image-preview:large","max-video-preview":"max-video-preview:-1"},"canonical":"https:\/\/efim-academie.com\/index.php\/2023\/06\/23\/la-phase-complementaire-de-parcoursup-a-lecole-efim\/","og_locale":"en_US","og_type":"article","og_title":"La phase compl\u00e9mentaire de Parcoursup \u00e0 l'\u00e9cole EFIM - EFIM","og_description":"La phase compl\u00e9mentaire de Parcoursup est une \u00e9tape cruciale pour les \u00e9tudiants qui souhaitent trouver une formation","og_url":"https:\/\/efim-academie.com\/index.php\/2023\/06\/23\/la-phase-complementaire-de-parcoursup-a-lecole-efim\/","og_site_name":"EFIM","article_published_time":"2023-06-23T16:10:21+00:00","article_modified_time":"2023-06-28T10:57:09+00:00","og_image":[{"width":1200,"height":675,"url":"https:\/\/efim-academie.com\/wp-content\/uploads\/2023\/06\/La-phase-complementaire-de-Parcoursup-est-une-etape-cruciale-pour-les-etudiants-qui-souhaitent-trouver-une-formation-5-1.png","type":"image\/png"}],"author":"admin7586","twitter_card":"summary_large_image","twitter_misc":{"Written by":"admin7586","Est. reading time":"4 minutes"},"schema":{"@context":"https:\/\/schema.org","@graph":[{"@type":"Article","@id":"https:\/\/efim-academie.com\/index.php\/2023\/06\/23\/la-phase-complementaire-de-parcoursup-a-lecole-efim\/#article","isPartOf":{"@id":"https:\/\/efim-academie.com\/index.php\/2023\/06\/23\/la-phase-complementaire-de-parcoursup-a-lecole-efim\/"},"author":{"name":"admin7586","@id":"https:\/\/efim-academie.com\/#\/schema\/person\/5ca80faeee0ddbaf3b450a8edca10845"},"headline":"La phase compl\u00e9mentaire de Parcoursup \u00e0 l&#8217;\u00e9cole EFIM","datePublished":"2023-06-23T16:10:21+00:00","dateModified":"2023-06-28T10:57:09+00:00","mainEntityOfPage":{"@id":"https:\/\/efim-academie.com\/index.php\/2023\/06\/23\/la-phase-complementaire-de-parcoursup-a-lecole-efim\/"},"wordCount":697,"commentCount":0,"publisher":{"@id":"https:\/\/efim-academie.com\/#organization"},"image":{"@id":"https:\/\/efim-academie.com\/index.php\/2023\/06\/23\/la-phase-complementaire-de-parcoursup-a-lecole-efim\/#primaryimage"},"thumbnailUrl":"https:\/\/efim-academie.com\/wp-content\/uploads\/2023\/06\/La-phase-complementaire-de-Parcoursup-est-une-etape-cruciale-pour-les-etudiants-qui-souhaitent-trouver-une-formation-5-1.png","articleSection":["Non class\u00e9"],"inLanguage":"en-US","potentialAction":[{"@type":"CommentAction","name":"Comment","target":["https:\/\/efim-academie.com\/index.php\/2023\/06\/23\/la-phase-complementaire-de-parcoursup-a-lecole-efim\/#respond"]}]},{"@type":"WebPage","@id":"https:\/\/efim-academie.com\/index.php\/2023\/06\/23\/la-phase-complementaire-de-parcoursup-a-lecole-efim\/","url":"https:\/\/efim-academie.com\/index.php\/2023\/06\/23\/la-phase-complementaire-de-parcoursup-a-lecole-efim\/","name":"La phase compl\u00e9mentaire de Parcoursup \u00e0 l'\u00e9cole EFIM - EFIM","isPartOf":{"@id":"https:\/\/efim-academie.com\/#website"},"primaryImageOfPage":{"@id":"https:\/\/efim-academie.com\/index.php\/2023\/06\/23\/la-phase-complementaire-de-parcoursup-a-lecole-efim\/#primaryimage"},"image":{"@id":"https:\/\/efim-academie.com\/index.php\/2023\/06\/23\/la-phase-complementaire-de-parcoursup-a-lecole-efim\/#primaryimage"},"thumbnailUrl":"https:\/\/efim-academie.com\/wp-content\/uploads\/2023\/06\/La-phase-complementaire-de-Parcoursup-est-une-etape-cruciale-pour-les-etudiants-qui-souhaitent-trouver-une-formation-5-1.png","datePublished":"2023-06-23T16:10:21+00:00","dateModified":"2023-06-28T10:57:09+00:00","description":"La phase compl\u00e9mentaire de Parcoursup est une \u00e9tape cruciale pour les \u00e9tudiants qui souhaitent trouver une formation","breadcrumb":{"@id":"https:\/\/efim-academie.com\/index.php\/2023\/06\/23\/la-phase-complementaire-de-parcoursup-a-lecole-efim\/#breadcrumb"},"inLanguage":"en-US","potentialAction":[{"@type":"ReadAction","target":["https:\/\/efim-academie.com\/index.php\/2023\/06\/23\/la-phase-complementaire-de-parcoursup-a-lecole-efim\/"]}]},{"@type":"ImageObject","inLanguage":"en-US","@id":"https:\/\/efim-academie.com\/index.php\/2023\/06\/23\/la-phase-complementaire-de-parcoursup-a-lecole-efim\/#primaryimage","url":"https:\/\/efim-academie.com\/wp-content\/uploads\/2023\/06\/La-phase-complementaire-de-Parcoursup-est-une-etape-cruciale-pour-les-etudiants-qui-souhaitent-trouver-une-formation-5-1.png","contentUrl":"https:\/\/efim-academie.com\/wp-content\/uploads\/2023\/06\/La-phase-complementaire-de-Parcoursup-est-une-etape-cruciale-pour-les-etudiants-qui-souhaitent-trouver-une-formation-5-1.png","width":1200,"height":675,"caption":"La-phase-complementaire-de-Parcoursup"},{"@type":"BreadcrumbList","@id":"https:\/\/efim-academie.com\/index.php\/2023\/06\/23\/la-phase-complementaire-de-parcoursup-a-lecole-efim\/#breadcrumb","itemListElement":[{"@type":"ListItem","position":1,"name":"Accueil","item":"https:\/\/efim-academie.com\/"},{"@type":"ListItem","position":2,"name":"La phase compl\u00e9mentaire de Parcoursup \u00e0 l&#8217;\u00e9cole EFIM"}]},{"@type":"WebSite","@id":"https:\/\/efim-academie.com\/#website","url":"https:\/\/efim-academie.com\/","name":"efim-academie.com","description":"","publisher":{"@id":"https:\/\/efim-academie.com\/#organization"},"potentialAction":[{"@type":"SearchAction","target":{"@type":"EntryPoint","urlTemplate":"https:\/\/efim-academie.com\/?s={search_term_string}"},"query-input":{"@type":"PropertyValueSpecification","valueRequired":true,"valueName":"search_term_string"}}],"inLanguage":"en-US"},{"@type":"Organization","@id":"https:\/\/efim-academie.com\/#organization","name":"Efim","url":"https:\/\/efim-academie.com\/","logo":{"@type":"ImageObject","inLanguage":"en-US","@id":"https:\/\/efim-academie.com\/#\/schema\/logo\/image\/","url":"http:\/\/efim-academie.com\/wp-content\/uploads\/2023\/05\/efim-transparant.png","contentUrl":"http:\/\/efim-academie.com\/wp-content\/uploads\/2023\/05\/efim-transparant.png","width":1563,"height":1563,"caption":"Efim"},"image":{"@id":"https:\/\/efim-academie.com\/#\/schema\/logo\/image\/"}},{"@type":"Person","@id":"https:\/\/efim-academie.com\/#\/schema\/person\/5ca80faeee0ddbaf3b450a8edca10845","name":"admin7586","image":{"@type":"ImageObject","inLanguage":"en-US","@id":"https:\/\/efim-academie.com\/#\/schema\/person\/image\/","url":"https:\/\/secure.gravatar.com\/avatar\/f7e9a68b2af665c3c68c381155c2cee903fa415ad188ac06d628728d00d562a0?s=96&d=mm&r=g","contentUrl":"https:\/\/secure.gravatar.com\/avatar\/f7e9a68b2af665c3c68c381155c2cee903fa415ad188ac06d628728d00d562a0?s=96&d=mm&r=g","caption":"admin7586"},"sameAs":["http:\/\/efim-academie.com"],"url":"https:\/\/efim-academie.com\/index.php\/author\/admin7586\/"}]}},"_links":{"self":[{"href":"https:\/\/efim-academie.com\/index.php\/wp-json\/wp\/v2\/posts\/2338","targetHints":{"allow":["GET"]}}],"collection":[{"href":"https:\/\/efim-academie.com\/index.php\/wp-json\/wp\/v2\/posts"}],"about":[{"href":"https:\/\/efim-academie.com\/index.php\/wp-json\/wp\/v2\/types\/post"}],"author":[{"embeddable":true,"href":"https:\/\/efim-academie.com\/index.php\/wp-json\/wp\/v2\/users\/1"}],"replies":[{"embeddable":true,"href":"https:\/\/efim-academie.com\/index.php\/wp-json\/wp\/v2\/comments?post=2338"}],"version-history":[{"count":25,"href":"https:\/\/efim-academie.com\/index.php\/wp-json\/wp\/v2\/posts\/2338\/revisions"}],"predecessor-version":[{"id":2673,"href":"https:\/\/efim-academie.com\/index.php\/wp-json\/wp\/v2\/posts\/2338\/revisions\/2673"}],"wp:featuredmedia":[{"embeddable":true,"href":"https:\/\/efim-academie.com\/index.php\/wp-json\/wp\/v2\/media\/2443"}],"wp:attachment":[{"href":"https:\/\/efim-academie.com\/index.php\/wp-json\/wp\/v2\/media?parent=2338"}],"wp:term":[{"taxonomy":"category","embeddable":true,"href":"https:\/\/efim-academie.com\/index.php\/wp-json\/wp\/v2\/categories?post=2338"},{"taxonomy":"post_tag","embeddable":true,"href":"https:\/\/efim-academie.com\/index.php\/wp-json\/wp\/v2\/tags?post=2338"}],"curies":[{"name":"wp","href":"https:\/\/api.w.org\/{rel}","templated":true}]}}